{"id":8926,"date":"2021-12-09T08:30:00","date_gmt":"2021-12-09T14:30:00","guid":{"rendered":"https:\/\/soundhealingloscabos.com\/?p=1812"},"modified":"2021-12-09T08:30:00","modified_gmt":"2021-12-09T14:30:00","slug":"winter-solstice-san-jose-del-cabo","status":"publish","type":"post","link":"https:\/\/soundhealingloscabos.com\/en\/2021\/12\/09\/winter-solstice-san-jose-del-cabo\/","title":{"rendered":"WINTER SOLSTICE &#8211; San Jos\u00e9 del Cabo"},"content":{"rendered":"<p class=\"has-black-color has-text-color\">&#x2744;&#xfe0f;<strong>SOLSTICIO DE INVIERNO y CUENCOS TIBETANOS en San Jos\u00e9 del Cabo.<\/strong><br>Martes 21 de Diciembre | 6.00 pm | <a href=\"https:\/\/www.instagram.com\/bajasalvia\/\" target=\"_blank\" rel=\"noreferrer noopener\">Salvia<\/a>.<\/p>\n\n\n\n<p class=\"has-text-align-justify has-black-color has-text-color\">El periodo que se abre con el Solsticio de Invierno nos ofrece la oportunidad de vivir m\u00e1s conscientemente, de renacer cada d\u00eda&nbsp;en una mejor versi\u00f3n de nosotros mismos: m\u00e1s conectados con nosotros mismos, con los dem\u00e1s y con la vida.&nbsp;?&nbsp;<\/p>\n\n\n\n<p class=\"has-text-color\" style=\"color:#662483\">&#x2744;&#xfe0f;<strong>WINTER SOLSTICE and TIBETAN BOWLS in San Jos\u00e9 del Cabo.<\/strong><br>Tuesday December 21st | 6.00 pm |  <a href=\"https:\/\/www.instagram.com\/bajasalvia\/\" target=\"_blank\" rel=\"noreferrer noopener\">Salvia<\/a>. <\/p>\n\n\n\n<p class=\"has-text-align-justify has-text-color\" style=\"color:#662483\">The period that opens with the Winter Solstice offers us the opportunity to live more consciously, to be reborn every day in a better version of ourselves: more connected with ourselves, with others and with life.?<\/p>\n\n\n\n<div class=\"wp-block-image\"><figure class=\"aligncenter size-large\"><img decoding=\"async\" src=\"https:\/\/soundhealingloscabos.com\/wp-content\/uploads\/2021\/12\/SALVIA_DIC_facebook-1024x576.webp\" alt=\"\" class=\"wp-image-1820\" title=\"\"><figcaption>Acomp\u00e1\u00f1anos | Join us<\/figcaption><\/figure><\/div>\n\n\n\n<h5 class=\"has-text-align-center wp-block-heading\"><strong>+INFO<\/strong><br><strong>WhatsApp 55 \u2013 1931 \u2013 1274<\/strong><br><strong><a href=\"https:\/\/wa.link\/vcume3\" target=\"_blank\" rel=\"noreferrer noopener\">https:\/\/wa.link\/vcume3<\/a><br><a href=\"https:\/\/www.facebook.com\/soundhealingloscabos\" target=\"_blank\" rel=\"noreferrer noopener\">Facebook<\/a>&nbsp;|&nbsp;<a href=\"https:\/\/www.instagram.com\/soundhealingloscabos\/\" target=\"_blank\" rel=\"noreferrer noopener\">Instagram<\/a><br>\u00a1Estamos para servirte!<\/strong><\/h5>\n\n\n\n<hr class=\"wp-block-separator\"\/>\n\n\n\n<p class=\"has-black-color has-text-color\">Sesiones anteriores en Salvia | Previous sessions at Salvia:<br>ht<a href=\"\/\/soundhealingloscabos.com\/en\/2021\/11\/luna-llena-y-cuencos-tibetanos-en-salvia\/\" target=\"_blank\" rel=\"noreferrer noopener\">tps:\/\/soundhealingloscabos.com\/2021\/11\/luna-llena-y-cuencos-tibetanos-en-salvia\/<\/a><br><\/p>","protected":false},"excerpt":{"rendered":"<p>&#x2744;&#xfe0f;SOLSTICIO DE INVIERNO y CUENCOS TIBETANOS en San Jos\u00e9 del Cabo.Martes 21 de Diciembre | 6.00 pm | Salvia. El periodo que se abre con el Solsticio de Invierno nos [&hellip;]<\/p>","protected":false},"author":1,"featured_media":0,"comment_status":"open","ping_status":"open","sticky":false,"template":"","format":"standard","meta":{"_coblocks_attr":"","_coblocks_dimensions":"","_coblocks_responsive_height":"","_coblocks_accordion_ie_support":"","footnotes":""},"categories":[37,39],"tags":[53,62,108,42,50,51],"class_list":["post-8926","post","type-post","status-publish","format-standard","hentry","category-especial","category-meditacion","tag-cuencostibetanos","tag-meditation","tag-solsticiodeinvierno","tag-soundhealing","tag-soundhealingtherapy","tag-soundtherapy"],"_links":{"self":[{"href":"https:\/\/soundhealingloscabos.com\/en\/wp-json\/wp\/v2\/posts\/8926","targetHints":{"allow":["GET"]}}],"collection":[{"href":"https:\/\/soundhealingloscabos.com\/en\/wp-json\/wp\/v2\/posts"}],"about":[{"href":"https:\/\/soundhealingloscabos.com\/en\/wp-json\/wp\/v2\/types\/post"}],"author":[{"embeddable":true,"href":"https:\/\/soundhealingloscabos.com\/en\/wp-json\/wp\/v2\/users\/1"}],"replies":[{"embeddable":true,"href":"https:\/\/soundhealingloscabos.com\/en\/wp-json\/wp\/v2\/comments?post=8926"}],"version-history":[{"count":0,"href":"https:\/\/soundhealingloscabos.com\/en\/wp-json\/wp\/v2\/posts\/8926\/revisions"}],"wp:attachment":[{"href":"https:\/\/soundhealingloscabos.com\/en\/wp-json\/wp\/v2\/media?parent=8926"}],"wp:term":[{"taxonomy":"category","embeddable":true,"href":"https:\/\/soundhealingloscabos.com\/en\/wp-json\/wp\/v2\/categories?post=8926"},{"taxonomy":"post_tag","embeddable":true,"href":"https:\/\/soundhealingloscabos.com\/en\/wp-json\/wp\/v2\/tags?post=8926"}],"curies":[{"name":"wp","href":"https:\/\/api.w.org\/{rel}","templated":true}]}}