{"id":8616,"date":"2025-07-03T11:27:26","date_gmt":"2025-07-03T18:27:26","guid":{"rendered":"https:\/\/soundhealingloscabos.com\/?p=8616"},"modified":"2025-07-03T11:27:26","modified_gmt":"2025-07-03T18:27:26","slug":"aprender-para-recordar","status":"publish","type":"post","link":"https:\/\/soundhealingloscabos.com\/en\/2025\/07\/03\/aprender-para-recordar\/","title":{"rendered":"Aprender para recordar: la importancia de los espacios de capacitaci\u00f3n en procesos de bienestar"},"content":{"rendered":"<div style=\"height:20px\" aria-hidden=\"true\" class=\"wp-block-spacer\"><\/div>\n\n\n\n<p class=\"has-white-color has-text-color has-background has-link-color wp-elements-a93a02a26f79ea939be00a291c03eccf\" style=\"background-color:#341a43\">Capacitarse no es solo adquirir herramientas: es recordar lo esencial<\/p>\n\n\n\n<p class=\"has-black-color has-text-color has-link-color wp-elements-d55a008f79841dbbe624fd2fdf56090c\">A veces no se trata de sumar, sino de recordar.<br>Recordar lo que ya sab\u00edas.<br>Lo que tu cuerpo intuye, pero a\u00fan no tiene palabras para decir.<br>Recordar que hay otros caminos posibles. Que el bienestar no es un lujo, sino un derecho.<br><strong>Que el sonido tambi\u00e9n ense\u00f1a.<\/strong><\/p>\n\n\n\n<p class=\"has-black-color has-text-color has-link-color wp-elements-f059c6c9d02d4afc8bab4ef0e82af35a\">En un mundo acelerado, los espacios de aprendizaje se vuelven refugios.<br>Pausas necesarias. Territorios f\u00e9rtiles. Lugares donde el conocimiento no solo se adquiere, sino que se encarna.<\/p>\n\n\n\n<p class=\"has-white-color has-text-color has-background has-link-color wp-elements-484d3d8c6b14e3b0c29f35ad8d1b9e55\" style=\"background-color:#341a43\">Aprender es sanar: el poder de los espacios formativos<\/p>\n\n\n\n<p class=\"has-black-color has-text-color has-link-color wp-elements-f4908bfbce81455387b20efbc43b033c\">Capacitarse no es solo prepararse para \u201chacer algo\u201d.<br>Es crear un puente entre el saber y el sentir.<br>Es darte el permiso de preguntarte c\u00f3mo te gustar\u00eda habitar el mundo.<br>Y luego encontrar herramientas para hacerlo realidad.<\/p>\n\n\n\n<p class=\"has-black-color has-text-color has-link-color wp-elements-d576fdcda638b529b235e4c05445bf86\">En cada espacio de formaci\u00f3n se enciende una posibilidad: la de mirar distinto, de escucharte con m\u00e1s profundidad, de descubrir que el bienestar empieza por dentro y se expande.<\/p>\n\n\n\n<p class=\"has-white-color has-text-color has-background has-link-color wp-elements-bec60beee8ef5d3c995075fc552cefbd\" style=\"background-color:#341a43\">Formaci\u00f3n en Terapia de Sonido: conocimiento encarnado<\/p>\n\n\n\n<p class=\"has-black-color has-text-color has-link-color wp-elements-0cb41bdf8cc077ddd09fd08fc21ee4c8\">En Sound Healing Los Cabos, sostenemos espacios de capacitaci\u00f3n no solo para formar terapeutas de sonido, sino para acompa\u00f1ar procesos de transformaci\u00f3n.<\/p>\n\n\n\n<p class=\"has-black-color has-text-color has-link-color wp-elements-a0b46f6501e8b0c8e9786b69ddb7d28f\"><strong>Cada formaci\u00f3n es un tejido colectivo.<\/strong><br>Un campo vibratorio donde se cruzan saberes antiguos, experiencias personales y un lenguaje que muchas veces no pasa por la mente, sino por el cuerpo.<\/p>\n\n\n\n<p class=\"has-black-color has-text-color has-link-color wp-elements-fca510511b5ef85b3681f803891c91bc\">Quien se forma, se escucha.<br>Y quien se escucha, se sana.<br>Nuestra formaci\u00f3n no es solo un curso: es una experiencia integral que transforma desde adentro.<\/p>\n\n\n\n<p class=\"has-white-color has-text-color has-background has-link-color wp-elements-6aaa19442582391c793e7da0c2f65b8b\" style=\"background-color:#341a43\">Nunca es tarde para volver a aprender<\/p>\n\n\n\n<p class=\"has-black-color has-text-color has-link-color wp-elements-fee25eaa0c40caee1a4b92dcf07b57ba\">Aprender no es exclusivo de la juventud.<br>Cada etapa de la vida trae su propia fuerza, su propia capacidad de apertura.<\/p>\n\n\n\n<p class=\"has-black-color has-text-color has-link-color wp-elements-7643a73eb1ba79d78f7c416280a4cc05\">Capacitarse es una forma de autocuidado.<br>De actualizar tu mirada.<br>De recuperar tu poder creador.<\/p>\n\n\n\n<p class=\"has-black-color has-text-color has-link-color wp-elements-6bcb024f9416a55ccbca2ceea90e7f8e\"><strong>Es tambi\u00e9n un acto generoso: porque al crecer t\u00fa, crece todo lo que tocas.<\/strong><\/p>\n\n\n\n<p class=\"has-white-color has-text-color has-background has-link-color wp-elements-ac6b4cf7d551fa42520e2bf78108b3ba\" style=\"background-color:#341a43\">Aprender tambi\u00e9n es una forma de amor<\/p>\n\n\n\n<p class=\"has-black-color has-text-color has-link-color wp-elements-1f444265fd6269eeb939a3e25ca7b9af\">En un cuenco tibetano no solo hay metal: hay historia, ciencia, vibraci\u00f3n y escucha.<br>Lo mismo sucede en una capacitaci\u00f3n significativa.<br>No se trata solo de lo que se ense\u00f1a, sino de lo que sucede en el encuentro.<\/p>\n\n\n\n<p class=\"has-black-color has-text-color has-link-color wp-elements-954e2aa7f459c737cc9cd275ee15e06a\">Seguimos creando espacios donde aprender sea tambi\u00e9n recordar.<br>Donde las preguntas valgan tanto como las respuestas.<br>Y donde cada quien encuentre su propia forma de sanar con sonido.<\/p>\n\n\n\n<p class=\"has-black-color has-text-color has-link-color wp-elements-deaec874e7e0fc9e66ce2a87cb0afa4e\"><strong>Porque aprender, cuando es con sentido, tambi\u00e9n puede ser una forma de amor.<\/strong><\/p>","protected":false},"excerpt":{"rendered":"<p>Capacitarse no es solo adquirir herramientas: es recordar lo esencial A veces no se trata de sumar, sino de recordar.Recordar lo que ya sab\u00edas.Lo que tu cuerpo intuye, pero a\u00fan [&hellip;]<\/p>","protected":false},"author":1,"featured_media":0,"comment_status":"open","ping_status":"open","sticky":false,"template":"","format":"standard","meta":{"_coblocks_attr":"","_coblocks_dimensions":"","_coblocks_responsive_height":"","_coblocks_accordion_ie_support":"","footnotes":""},"categories":[454,282],"tags":[478,479,53,480,481,47,42,50,51,482,43],"class_list":["post-8616","post","type-post","status-publish","format-standard","hentry","category-articulo","category-sound-healing","tag-aprender","tag-caoacitacion","tag-cuencostibetanos","tag-herramientas","tag-recordar","tag-singingtibetanbowls","tag-soundhealing","tag-soundhealingtherapy","tag-soundtherapy","tag-sumar","tag-tibetansingingbowls"],"_links":{"self":[{"href":"https:\/\/soundhealingloscabos.com\/en\/wp-json\/wp\/v2\/posts\/8616","targetHints":{"allow":["GET"]}}],"collection":[{"href":"https:\/\/soundhealingloscabos.com\/en\/wp-json\/wp\/v2\/posts"}],"about":[{"href":"https:\/\/soundhealingloscabos.com\/en\/wp-json\/wp\/v2\/types\/post"}],"author":[{"embeddable":true,"href":"https:\/\/soundhealingloscabos.com\/en\/wp-json\/wp\/v2\/users\/1"}],"replies":[{"embeddable":true,"href":"https:\/\/soundhealingloscabos.com\/en\/wp-json\/wp\/v2\/comments?post=8616"}],"version-history":[{"count":0,"href":"https:\/\/soundhealingloscabos.com\/en\/wp-json\/wp\/v2\/posts\/8616\/revisions"}],"wp:attachment":[{"href":"https:\/\/soundhealingloscabos.com\/en\/wp-json\/wp\/v2\/media?parent=8616"}],"wp:term":[{"taxonomy":"category","embeddable":true,"href":"https:\/\/soundhealingloscabos.com\/en\/wp-json\/wp\/v2\/categories?post=8616"},{"taxonomy":"post_tag","embeddable":true,"href":"https:\/\/soundhealingloscabos.com\/en\/wp-json\/wp\/v2\/tags?post=8616"}],"curies":[{"name":"wp","href":"https:\/\/api.w.org\/{rel}","templated":true}]}}